{"id":334,"date":"2025-02-25T19:19:33","date_gmt":"2025-02-25T18:19:33","guid":{"rendered":"http:\/\/wordpress2534132.home.pl\/autoinstalator\/wordpressplus1\/?p=334"},"modified":"2025-02-25T19:19:33","modified_gmt":"2025-02-25T18:19:33","slug":"program-operacyjny-pomoc-zywnosciowa-2025","status":"publish","type":"post","link":"https:\/\/www.opswolin.pl\/?p=334","title":{"rendered":"Program Operacyjny Pomoc \u017bywno\u015bciowa 2025"},"content":{"rendered":"\n<p>O\u015brodek Pomocy Spo\u0142ecznej w Wolinie realizuje Program Operacyjny Pomoc \u017bywno\u015bciowa 2021-2027 (PO P\u017b), jest on wsp\u00f3\u0142finansowany ze \u015brodk\u00f3w Europejskiego Funduszu Pomocy Najbardziej Potrzebuj\u0105cym. Cel Programu to udzielenie wsparcia osobom do\u015bwiadczaj\u0105cym najg\u0142\u0119bszych form ub\u00f3stwa.<\/p>\n\n\n\n<p>Pomoc w ramach PO P\u017b kierowana jest do tych os\u00f3b i rodzin, kt\u00f3re z powodu niskich dochod\u00f3w nie mog\u0105 zapewni\u0107 sobie odpowiednich produkt\u00f3w \u017cywno\u015bciowych i dlatego te\u017c trafia\u0107 b\u0119dzie do os\u00f3b znajduj\u0105cych si\u0119 w najtrudniejszej sytuacji finansowej. Pomoc \u017cywno\u015bciowa udzielana b\u0119dzie w postaci ustalonych w ramach \u201eProgramu\u201d artyku\u0142\u00f3w spo\u017cywczych. Przekazywane b\u0119d\u0105 one bezp\u0142atnie, a dystrybucj\u0105 zajm\u0105 si\u0119 cz\u0142onkowie Fundacji \u201eSpeak Up\u201d z siedzib\u0105 w \u015awinouj\u015bciu przy ul. Boles\u0142awa Chrobrego 22, z kt\u00f3r\u0105 O\u015brodek Pomocy Spo\u0142ecznej w Wolinie zawarte ma Porozumienie o wsp\u00f3\u0142pracy partnerskiej.<\/p>\n\n\n\n<p><strong>Pomoc \u017cywno\u015bciow\u0105 mog\u0105 otrzymywa\u0107 osoby i rodziny znajduj\u0105ce si\u0119 w&nbsp;trudnej sytuacji \u017cyciowej i&nbsp;uzyskuj\u0105ce doch\u00f3d nieprzekraczaj\u0105cy:<\/strong><\/p>\n\n\n\n<p><strong>&#8211; 2676,50 z\u0142 w&nbsp;przypadku osoby samotnie gospodaruj\u0105cej,<\/strong><\/p>\n\n\n\n<p><strong>&#8211; 2<a><\/a>180,95 z\u0142 w&nbsp;przypadku osoby w&nbsp;rodzinie.<\/strong> Skierowania wydawane by\u0142y do 21.02.2025r. Wszystkie osoby\/rodziny, kt\u00f3re by\u0142y zainteresowane otrzymaniem \u017cywno\u015bci z Programu i spe\u0142ni\u0142y powy\u017csze kryterium dochodowe zakwalifikowa\u0142y si\u0119 do otrzymania pomocy. Szczeg\u00f3\u0142owe informacje dotycz\u0105ce odbioru \u017cywno\u015bci b\u0119d\u0105 dost\u0119pne w najbli\u017cszym czasie. Prosimy o \u015bledzenie komunikat\u00f3w.<\/p>\n\n\n\n<p><\/p>\n","protected":false},"excerpt":{"rendered":"<p>O\u015brodek Pomocy Spo\u0142ecznej w Wolinie realizuje Program Operacyjny Pomoc \u017bywno\u015bciowa 2021-2027 (PO P\u017b), jest on wsp\u00f3\u0142finansowany ze \u015brodk\u00f3w Europejskiego Funduszu Pomocy Najbardziej Potrzebuj\u0105cym. Cel Programu to udzielenie wsparcia osobom do\u015bwiadczaj\u0105cym najg\u0142\u0119bszych form ub\u00f3stwa. Pomoc w ramach PO P\u017b kierowana jest do tych os\u00f3b i rodzin, kt\u00f3re z powodu niskich dochod\u00f3w &hellip;<\/p>\n","protected":false},"author":1,"featured_media":0,"comment_status":"closed","ping_status":"","sticky":false,"template":"","format":"standard","meta":{"footnotes":""},"categories":[1],"tags":[],"class_list":["post-334","post","type-post","status-publish","format-standard","hentry","category-bez-kategorii"],"_links":{"self":[{"href":"https:\/\/www.opswolin.pl\/index.php?rest_route=\/wp\/v2\/posts\/334","targetHints":{"allow":["GET"]}}],"collection":[{"href":"https:\/\/www.opswolin.pl\/index.php?rest_route=\/wp\/v2\/posts"}],"about":[{"href":"https:\/\/www.opswolin.pl\/index.php?rest_route=\/wp\/v2\/types\/post"}],"author":[{"embeddable":true,"href":"https:\/\/www.opswolin.pl\/index.php?rest_route=\/wp\/v2\/users\/1"}],"replies":[{"embeddable":true,"href":"https:\/\/www.opswolin.pl\/index.php?rest_route=%2Fwp%2Fv2%2Fcomments&post=334"}],"version-history":[{"count":1,"href":"https:\/\/www.opswolin.pl\/index.php?rest_route=\/wp\/v2\/posts\/334\/revisions"}],"predecessor-version":[{"id":335,"href":"https:\/\/www.opswolin.pl\/index.php?rest_route=\/wp\/v2\/posts\/334\/revisions\/335"}],"wp:attachment":[{"href":"https:\/\/www.opswolin.pl\/index.php?rest_route=%2Fwp%2Fv2%2Fmedia&parent=334"}],"wp:term":[{"taxonomy":"category","embeddable":true,"href":"https:\/\/www.opswolin.pl\/index.php?rest_route=%2Fwp%2Fv2%2Fcategories&post=334"},{"taxonomy":"post_tag","embeddable":true,"href":"https:\/\/www.opswolin.pl\/index.php?rest_route=%2Fwp%2Fv2%2Ftags&post=334"}],"curies":[{"name":"wp","href":"https:\/\/api.w.org\/{rel}","templated":true}]}}