{"id":496,"date":"2025-05-09T17:51:58","date_gmt":"2025-05-09T15:51:58","guid":{"rendered":"http:\/\/wordpress2534132.home.pl\/autoinstalator\/wordpressplus1\/?p=496"},"modified":"2025-05-09T17:51:58","modified_gmt":"2025-05-09T15:51:58","slug":"bon-energetyczny","status":"publish","type":"post","link":"https:\/\/www.opswolin.pl\/?p=496","title":{"rendered":"Bon energetyczny"},"content":{"rendered":"\n<p>Ze wzgl\u0119du na pojawiaj\u0105ce si\u0119 zapytania w&nbsp;zakresie bonu energetycznego, informujemy, \u017ce w&nbsp;grudniu 2024 r. pojawi\u0142 si\u0119 projekt ustawy, kt\u00f3ry zak\u0142ada wyp\u0142at\u0119 bon\u00f3w energetycznych w&nbsp;2025 roku.<\/p>\n\n\n\n<p>W mediach mo\u017cna znale\u017a\u0107 informacje, \u017ce program m\u00f3g\u0142by ruszy\u0107 w&nbsp;najbli\u017cszym czasie<\/p>\n\n\n\n<p>&nbsp;&#8211;&nbsp; Ministerstwo Klimatu i&nbsp;\u015arodowiska dementuje te informacje.<\/p>\n\n\n\n<p><strong><u>W chwili obecnej nie przyjmujemy wniosk\u00f3w o przyznanie bonu energetycznego.<\/u><\/strong><\/p>\n\n\n\n<p>O kolejnych decyzjach w&nbsp;tej sprawie b\u0119dziemy informowa\u0107 na bie\u017c\u0105co.<\/p>\n\n\n\n<p><\/p>\n","protected":false},"excerpt":{"rendered":"<p>Ze wzgl\u0119du na pojawiaj\u0105ce si\u0119 zapytania w&nbsp;zakresie bonu energetycznego, informujemy, \u017ce w&nbsp;grudniu 2024 r. pojawi\u0142 si\u0119 projekt ustawy, kt\u00f3ry zak\u0142ada wyp\u0142at\u0119 bon\u00f3w energetycznych w&nbsp;2025 roku. W mediach mo\u017cna znale\u017a\u0107 informacje, \u017ce program m\u00f3g\u0142by ruszy\u0107 w&nbsp;najbli\u017cszym czasie &nbsp;&#8211;&nbsp; Ministerstwo Klimatu i&nbsp;\u015arodowiska dementuje te informacje. W chwili obecnej nie przyjmujemy wniosk\u00f3w o &hellip;<\/p>\n","protected":false},"author":1,"featured_media":0,"comment_status":"closed","ping_status":"","sticky":false,"template":"","format":"standard","meta":{"footnotes":""},"categories":[1],"tags":[],"class_list":["post-496","post","type-post","status-publish","format-standard","hentry","category-bez-kategorii"],"_links":{"self":[{"href":"https:\/\/www.opswolin.pl\/index.php?rest_route=\/wp\/v2\/posts\/496","targetHints":{"allow":["GET"]}}],"collection":[{"href":"https:\/\/www.opswolin.pl\/index.php?rest_route=\/wp\/v2\/posts"}],"about":[{"href":"https:\/\/www.opswolin.pl\/index.php?rest_route=\/wp\/v2\/types\/post"}],"author":[{"embeddable":true,"href":"https:\/\/www.opswolin.pl\/index.php?rest_route=\/wp\/v2\/users\/1"}],"replies":[{"embeddable":true,"href":"https:\/\/www.opswolin.pl\/index.php?rest_route=%2Fwp%2Fv2%2Fcomments&post=496"}],"version-history":[{"count":1,"href":"https:\/\/www.opswolin.pl\/index.php?rest_route=\/wp\/v2\/posts\/496\/revisions"}],"predecessor-version":[{"id":497,"href":"https:\/\/www.opswolin.pl\/index.php?rest_route=\/wp\/v2\/posts\/496\/revisions\/497"}],"wp:attachment":[{"href":"https:\/\/www.opswolin.pl\/index.php?rest_route=%2Fwp%2Fv2%2Fmedia&parent=496"}],"wp:term":[{"taxonomy":"category","embeddable":true,"href":"https:\/\/www.opswolin.pl\/index.php?rest_route=%2Fwp%2Fv2%2Fcategories&post=496"},{"taxonomy":"post_tag","embeddable":true,"href":"https:\/\/www.opswolin.pl\/index.php?rest_route=%2Fwp%2Fv2%2Ftags&post=496"}],"curies":[{"name":"wp","href":"https:\/\/api.w.org\/{rel}","templated":true}]}}